{"id":1269,"date":"2020-03-23T10:53:32","date_gmt":"2020-03-23T10:53:32","guid":{"rendered":"http:\/\/maltespohr.de\/m\/?p=1269"},"modified":"2020-03-23T10:54:55","modified_gmt":"2020-03-23T10:54:55","slug":"die-vielfalt-der-linie","status":"publish","type":"post","link":"https:\/\/maltespohr.de\/m\/die-vielfalt-der-linie\/","title":{"rendered":"Die Vielfalt der Linie"},"content":{"rendered":"\n<h4 class=\"wp-block-heading\">Zeichnungen und Collagen &nbsp; <br>Mittwoch, 18. M\u00e4rz, bis Samstag, 28. M\u00e4rz 2020  <\/h4>\n\n\n\n<p><strong> Katharina Hinsberg <\/strong><br><strong>Christiane L\u00f6hr <\/strong><br><strong>Sebastian Rug <\/strong><br><strong>Malte Spohr  <\/strong><br><strong>Sebastijan Zupancic <\/strong> <\/p>\n\n\n\n<p><a rel=\"noreferrer noopener\" href=\"http:\/\/www.galeriewernerklein.de\/\" target=\"_blank\"> http:\/\/www.galeriewernerklein.de<\/a> &nbsp; &nbsp; <br>Aufgrund der fortschreitenden Ausbreitung des Corona Virus in  Deutschland, Italien, Frankreich und zahlreichen anderen L\u00e4ndern wurde  die DRAWING NOW ART FAIR in Paris Ende M\u00e4rz abgesagt.<br>Wir m\u00f6chten allen die M\u00f6glichkeit geben, die f\u00fcr die Messe   zusammengestellten zum Teil ganz neuen Arbeiten in einer Pr\u00e4sentation in   der Galerie anzuschauen.  <br>Wir freuen uns auf Ihren Besuch. <\/p>\n","protected":false},"excerpt":{"rendered":"<p>Zeichnungen und Collagen &nbsp; Mittwoch, 18. M\u00e4rz, bis Samstag, 28. M\u00e4rz 2020 Katharina Hinsberg Christiane L\u00f6hr Sebastian Rug Malte Spohr Sebastijan Zupancic http:\/\/www.galeriewernerklein.de &nbsp; &nbsp; Aufgrund der fortschreitenden Ausbreitung des Corona Virus in Deutschland, Italien, Frankreich und zahlreichen anderen L\u00e4ndern wurde die DRAWING NOW ART FAIR in Paris Ende M\u00e4rz abgesagt.Wir m\u00f6chten allen die M\u00f6glichkeit [&hellip;]<\/p>\n","protected":false},"author":2,"featured_media":0,"comment_status":"closed","ping_status":"open","sticky":false,"template":"","format":"standard","meta":{"footnotes":""},"categories":[4],"tags":[],"class_list":["post-1269","post","type-post","status-publish","format-standard","hentry","category-ausstellung","gallery-content-unit"],"_links":{"self":[{"href":"https:\/\/maltespohr.de\/m\/wp-json\/wp\/v2\/posts\/1269","targetHints":{"allow":["GET"]}}],"collection":[{"href":"https:\/\/maltespohr.de\/m\/wp-json\/wp\/v2\/posts"}],"about":[{"href":"https:\/\/maltespohr.de\/m\/wp-json\/wp\/v2\/types\/post"}],"author":[{"embeddable":true,"href":"https:\/\/maltespohr.de\/m\/wp-json\/wp\/v2\/users\/2"}],"replies":[{"embeddable":true,"href":"https:\/\/maltespohr.de\/m\/wp-json\/wp\/v2\/comments?post=1269"}],"version-history":[{"count":2,"href":"https:\/\/maltespohr.de\/m\/wp-json\/wp\/v2\/posts\/1269\/revisions"}],"predecessor-version":[{"id":1271,"href":"https:\/\/maltespohr.de\/m\/wp-json\/wp\/v2\/posts\/1269\/revisions\/1271"}],"wp:attachment":[{"href":"https:\/\/maltespohr.de\/m\/wp-json\/wp\/v2\/media?parent=1269"}],"wp:term":[{"taxonomy":"category","embeddable":true,"href":"https:\/\/maltespohr.de\/m\/wp-json\/wp\/v2\/categories?post=1269"},{"taxonomy":"post_tag","embeddable":true,"href":"https:\/\/maltespohr.de\/m\/wp-json\/wp\/v2\/tags?post=1269"}],"curies":[{"name":"wp","href":"https:\/\/api.w.org\/{rel}","templated":true}]}}